{"id":17503,"date":"2026-01-22T13:41:32","date_gmt":"2026-01-22T12:41:32","guid":{"rendered":"https:\/\/www.saldac.ch\/?p=17503"},"modified":"2026-01-28T10:39:17","modified_gmt":"2026-01-28T09:39:17","slug":"principaux-pays-producteurs-de-cafe","status":"publish","type":"post","link":"https:\/\/www.saldac.ch\/de\/principaux-pays-producteurs-de-cafe\/","title":{"rendered":"Principaux pays producteurs de caf\u00e9 : un voyage autour du monde"},"content":{"rendered":"<a title=\"Kaffee\" href=\"https:\/\/www.saldac.ch\/de\/\">Startseite<\/a> \u00bb <a title=\"Fairer Bio-Blog\" href=\"https:\/\/www.saldac.ch\/de\/blog\/\">Blog<\/a> \u00bb <a title=\"Les origines du caf\u00e9\" href=\"\/de\/cafe-origine\/\">Kaffee<\/a> \u00bb Principaux pays producteurs de caf\u00e9 : un voyage autour du monde\n\t<div class=\"img has-hover x md-x lg-x y md-y lg-y\" id=\"image_604752884\">\n\t\t\t\t\t\t\t\t<div class=\"img-inner dark\" style=\"margin:0px 0px 20px 0px;\">\n\t\t\t<img loading=\"lazy\" decoding=\"async\" width=\"1800\" height=\"700\" src=\"https:\/\/www.saldac.ch\/wp-content\/uploads\/2026\/01\/principaux-pays-producteurs-de-cafe.webp\" class=\"attachment-original size-original\" alt=\"principaux pays producteurs de cafe\" srcset=\"https:\/\/www.saldac.ch\/wp-content\/uploads\/2026\/01\/principaux-pays-producteurs-de-cafe.webp 1800w, https:\/\/www.saldac.ch\/wp-content\/uploads\/2026\/01\/principaux-pays-producteurs-de-cafe-300x117.webp 300w, https:\/\/www.saldac.ch\/wp-content\/uploads\/2026\/01\/principaux-pays-producteurs-de-cafe-1030x401.webp 1030w, https:\/\/www.saldac.ch\/wp-content\/uploads\/2026\/01\/principaux-pays-producteurs-de-cafe-768x299.webp 768w, https:\/\/www.saldac.ch\/wp-content\/uploads\/2026\/01\/principaux-pays-producteurs-de-cafe-1536x597.webp 1536w, https:\/\/www.saldac.ch\/wp-content\/uploads\/2026\/01\/principaux-pays-producteurs-de-cafe-18x7.webp 18w, https:\/\/www.saldac.ch\/wp-content\/uploads\/2026\/01\/principaux-pays-producteurs-de-cafe-450x175.webp 450w, https:\/\/www.saldac.ch\/wp-content\/uploads\/2026\/01\/principaux-pays-producteurs-de-cafe-800x311.webp 800w\" sizes=\"(max-width: 1800px) 100vw, 1800px\" \/>\t\t\t\t\t\t\n\t\t\t\t\t<\/div>\n\t\t\t\t\t\t\t\t\n<style>\n#image_604752884 {\n  width: 100%;\n}\n<\/style>\n\t<\/div>\n\t\n\t<div id=\"text-2086392679\" class=\"text blog-texts\">\n\t\t\n<p>Le caf\u00e9, produit dans plus de 50 pays, d\u00e9voile une incroyable diversit\u00e9 de saveurs et de m\u00e9thodes traditionnelles. <strong>Les principaux pays producteurs de caf\u00e9 d\u00e9finissent les tendances mondiales<\/strong> par leurs volumes, leurs terroirs et leurs exigences qualitatives. Des altitudes sud-am\u00e9ricaines aux basses terres tropicales d\u2019Asie, chaque zone imprime son style et influe sur le caract\u00e8re de la boisson pr\u00e9f\u00e9r\u00e9e d\u2019innombrables consommateurs.<\/p>\n<div id=\"ez-toc-container\" class=\"ez-toc-v2_0_82_2 counter-hierarchy ez-toc-counter ez-toc-white ez-toc-container-direction\">\n<div class=\"ez-toc-title-container\">\n<p class=\"ez-toc-title\" style=\"cursor:inherit\">Table des mati\u00e8res<\/p>\n<span class=\"ez-toc-title-toggle\"><a href=\"#\" class=\"ez-toc-pull-right ez-toc-btn ez-toc-btn-xs ez-toc-btn-default ez-toc-toggle\" aria-label=\"Toggle Table of Content\"><span class=\"ez-toc-js-icon-con\"><span class=\"\"><span class=\"eztoc-hide\" style=\"display:none;\">Toggle<\/span><span class=\"ez-toc-icon-toggle-span\"><svg style=\"fill: #999;color:#999\" xmlns=\"http:\/\/www.w3.org\/2000\/svg\" class=\"list-377408\" width=\"20px\" height=\"20px\" viewbox=\"0 0 24 24\" fill=\"none\"><path d=\"M6 6H4v2h2V6zm14 0H8v2h12V6zM4 11h2v2H4v-2zm16 0H8v2h12v-2zM4 16h2v2H4v-2zm16 0H8v2h12v-2z\" fill=\"currentColor\"><\/path><\/svg><svg style=\"fill: #999;color:#999\" class=\"arrow-unsorted-368013\" xmlns=\"http:\/\/www.w3.org\/2000\/svg\" width=\"10px\" height=\"10px\" viewbox=\"0 0 24 24\" version=\"1.2\" baseprofile=\"tiny\"><path d=\"M18.2 9.3l-6.2-6.3-6.2 6.3c-.2.2-.3.4-.3.7s.1.5.3.7c.2.2.4.3.7.3h11c.3 0 .5-.1.7-.3.2-.2.3-.5.3-.7s-.1-.5-.3-.7zM5.8 14.7l6.2 6.3 6.2-6.3c.2-.2.3-.5.3-.7s-.1-.5-.3-.7c-.2-.2-.4-.3-.7-.3h-11c-.3 0-.5.1-.7.3-.2.2-.3.5-.3.7s.1.5.3.7z\"\/><\/svg><\/span><\/span><\/span><\/a><\/span><\/div>\n<nav><ul class='ez-toc-list ez-toc-list-level-1' ><li class='ez-toc-page-1 ez-toc-heading-level-2'><a class=\"ez-toc-link ez-toc-heading-1\" href=\"https:\/\/www.saldac.ch\/de\/principaux-pays-producteurs-de-cafe\/#Les_pays_producteurs_de_cafe\" >Les pays producteurs de caf\u00e9<\/a><ul class='ez-toc-list-level-3' ><li class='ez-toc-heading-level-3'><a class=\"ez-toc-link ez-toc-heading-2\" href=\"https:\/\/www.saldac.ch\/de\/principaux-pays-producteurs-de-cafe\/#Le_Bresil_Le_leader_inconteste\" >Le Br\u00e9sil : Le leader incontest\u00e9<\/a><\/li><li class='ez-toc-page-1 ez-toc-heading-level-3'><a class=\"ez-toc-link ez-toc-heading-3\" href=\"https:\/\/www.saldac.ch\/de\/principaux-pays-producteurs-de-cafe\/#La_Colombie_Renommee_pour_son_cafe_arabica\" >La Colombie : Renomm\u00e9e pour son caf\u00e9 arabica<\/a><\/li><li class='ez-toc-page-1 ez-toc-heading-level-3'><a class=\"ez-toc-link ez-toc-heading-4\" href=\"https:\/\/www.saldac.ch\/de\/principaux-pays-producteurs-de-cafe\/#LEthiopie_Le_berceau_du_cafe\" >L&rsquo;\u00c9thiopie : Le berceau du caf\u00e9<\/a><\/li><li class='ez-toc-page-1 ez-toc-heading-level-3'><a class=\"ez-toc-link ez-toc-heading-5\" href=\"https:\/\/www.saldac.ch\/de\/principaux-pays-producteurs-de-cafe\/#Le_Vietnam_Montee_en_puissance_du_robusta\" >Le Vietnam : Mont\u00e9e en puissance du robusta<\/a><\/li><\/ul><\/li><li class='ez-toc-page-1 ez-toc-heading-level-2'><a class=\"ez-toc-link ez-toc-heading-6\" href=\"https:\/\/www.saldac.ch\/de\/principaux-pays-producteurs-de-cafe\/#Conditions_climatiques_pour_la_culture_du_cafe\" >Conditions climatiques pour la culture du caf\u00e9<\/a><ul class='ez-toc-list-level-3' ><li class='ez-toc-heading-level-3'><a class=\"ez-toc-link ez-toc-heading-7\" href=\"https:\/\/www.saldac.ch\/de\/principaux-pays-producteurs-de-cafe\/#Climat_ideal_pour_le_cafe_arabica\" >Climat id\u00e9al pour le caf\u00e9 arabica<\/a><\/li><li class='ez-toc-page-1 ez-toc-heading-level-3'><a class=\"ez-toc-link ez-toc-heading-8\" href=\"https:\/\/www.saldac.ch\/de\/principaux-pays-producteurs-de-cafe\/#Conditions_de_croissance_pour_le_cafe_robusta\" >Conditions de croissance pour le caf\u00e9 robusta<\/a><\/li><li class='ez-toc-page-1 ez-toc-heading-level-3'><a class=\"ez-toc-link ez-toc-heading-9\" href=\"https:\/\/www.saldac.ch\/de\/principaux-pays-producteurs-de-cafe\/#Impact_des_altitudes_sur_la_qualite_du_cafe\" >Impact des altitudes sur la qualit\u00e9 du caf\u00e9<\/a><\/li><\/ul><\/li><\/ul><\/nav><\/div>\n<h2><span class=\"ez-toc-section\" id=\"Les_pays_producteurs_de_cafe\"><\/span>Les pays producteurs de caf\u00e9<span class=\"ez-toc-section-end\"><\/span><\/h2>\n<h3><span class=\"ez-toc-section\" id=\"Le_Bresil_Le_leader_inconteste\"><\/span>Le Br\u00e9sil : Le leader incontest\u00e9<span class=\"ez-toc-section-end\"><\/span><\/h3>\n<p>Le Br\u00e9sil occupe sans conteste <a title=\"Statistiques production de caf\u00e9\" href=\"https:\/\/www.procafe.ch\/fr\/statistiques\/\" target=\"_blank\" rel=\"noopener\">la premi\u00e8re place parmi les pays producteurs de caf\u00e9<\/a>. Le pays s\u2019appuie sur des exploitations de tailles vari\u00e9es, souvent articul\u00e9es autour de pratiques familiales comme industrielles. Les grandes terres de l\u2019\u00c9tat de Minas Gerais sont r\u00e9put\u00e9es pour leurs grains doux et \u00e9quilibr\u00e9s, offrant une excellente base pour de nombreux assemblages populaires\u00a0de caf\u00e9s responsables.<\/p>\n<h3><span class=\"ez-toc-section\" id=\"La_Colombie_Renommee_pour_son_cafe_arabica\"><\/span>La Colombie : Renomm\u00e9e pour son caf\u00e9 arabica<span class=\"ez-toc-section-end\"><\/span><\/h3>\n<p>La Colombie, d\u00e9di\u00e9e \u00e0 la <a title=\"Culture de caf\u00e9 arabica de haute altitude\" href=\"https:\/\/chronic.ch\/blogs\/apprendre\/cafe-colombie\" target=\"_blank\" rel=\"noopener\">culture de caf\u00e9 arabica de haute altitude<\/a>, s\u2019est impos\u00e9e sur la sc\u00e8ne internationale par la qualit\u00e9 in\u00e9gal\u00e9e de ses grains. B\u00e9n\u00e9ficiant d\u2019un climat andin id\u00e9al, ses exploitations familiales tirent parti des pr\u00e9cipitations r\u00e9guli\u00e8res. Le profil aromatique du caf\u00e9 colombien, reconnu pour sa finesse et sa douceur acidul\u00e9e, s\u2019explique par les diff\u00e9rences d\u2019altitude et la diversit\u00e9 des terroirs.<\/p>\n<h3><span class=\"ez-toc-section\" id=\"LEthiopie_Le_berceau_du_cafe\"><\/span>L&rsquo;\u00c9thiopie : Le berceau du caf\u00e9<span class=\"ez-toc-section-end\"><\/span><\/h3>\n<p><a title=\"Origine du caf\u00e9\" href=\"https:\/\/www.saldac.ch\/de\/cafe-origine\/\">Originaire d&rsquo;\u00c9thiopie<\/a>, <strong>le caf\u00e9 y est encore principalement cultiv\u00e9 de fa\u00e7on artisanale<\/strong> et sauvage, dans des terroirs forestiers uniques. Ce pays d\u2019Afrique de l\u2019Est se distingue non seulement par ses volumes, mais aussi par la palette aromatique hors du commun de ses caf\u00e9s. L\u2019impact socioculturel du caf\u00e9 et la pr\u00e9servation de traditions anciennes renforcent le rayonnement de l\u2019\u00c9thiopie sur la sc\u00e8ne mondiale.<\/p>\n<h3><span class=\"ez-toc-section\" id=\"Le_Vietnam_Montee_en_puissance_du_robusta\"><\/span>Le Vietnam : Mont\u00e9e en puissance du robusta<span class=\"ez-toc-section-end\"><\/span><\/h3>\n<p>Le Vietnam occupe la <a title=\"Vietnam et production de caf\u00e9\" href=\"https:\/\/www.shareweb.ch\/site\/Multilateral-Institutions\/Documents\/Global_Brief_7.pdf\" target=\"_blank\" rel=\"noopener\">deuxi\u00e8me place en volume, principalement gr\u00e2ce \u00e0 la culture du caf\u00e9 robusta<\/a>,<strong> reconnu pour sa r\u00e9sistance et son rendement<\/strong>. Fortement tourn\u00e9 vers l\u2019export via un r\u00e9seau de coop\u00e9ratives, le Vietnam produit un caf\u00e9 au go\u00fbt intense et \u00e0 forte teneur en caf\u00e9ine, majoritairement destin\u00e9 aux m\u00e9langes industriels et au caf\u00e9 instantan\u00e9.<\/p>\n<h2><span class=\"ez-toc-section\" id=\"Conditions_climatiques_pour_la_culture_du_cafe\"><\/span>Conditions climatiques pour la culture du caf\u00e9<span class=\"ez-toc-section-end\"><\/span><\/h2>\n<h3><span class=\"ez-toc-section\" id=\"Climat_ideal_pour_le_cafe_arabica\"><\/span>Climat id\u00e9al pour le caf\u00e9 arabica<span class=\"ez-toc-section-end\"><\/span><\/h3>\n<p>L\u2019arabica appr\u00e9cie des <a title=\"Temp\u00e9ratures pour la culture de l&#039;Arabica\" href=\"https:\/\/mareterracoffee.com\/fr\/blog\/conditions-climatiques-optimales-pour-la-culture-du-cafe\/\" target=\"_blank\" rel=\"noopener\">temp\u00e9ratures douces (18 \u00e0 22\u00b0C)<\/a> et<strong> un climat alternant humidit\u00e9 et s\u00e9cheresse<\/strong>. Les r\u00e9gions d\u2019altitude, souvent au-del\u00e0 de 1200 m\u00e8tres, offrent les nuits fra\u00eeches n\u00e9cessaires \u00e0 sa maturation lente, essentielle pour r\u00e9v\u00e9ler ses ar\u00f4mes d\u00e9licats. Un bon \u00e9quilibre pluviom\u00e9trique est important pour le d\u00e9veloppement optimal du grain. <img loading=\"lazy\" decoding=\"async\" class=\"aligncenter wp-image-17502\" src=\"https:\/\/www.saldac.ch\/wp-content\/uploads\/2026\/01\/cafe-et-pays-producteurs-scaled.webp\" alt=\"cafe et pays producteurs\" width=\"800\" height=\"449\" srcset=\"https:\/\/www.saldac.ch\/wp-content\/uploads\/2026\/01\/cafe-et-pays-producteurs-scaled.webp 2560w, https:\/\/www.saldac.ch\/wp-content\/uploads\/2026\/01\/cafe-et-pays-producteurs-300x169.webp 300w, https:\/\/www.saldac.ch\/wp-content\/uploads\/2026\/01\/cafe-et-pays-producteurs-1030x579.webp 1030w, https:\/\/www.saldac.ch\/wp-content\/uploads\/2026\/01\/cafe-et-pays-producteurs-768x431.webp 768w, https:\/\/www.saldac.ch\/wp-content\/uploads\/2026\/01\/cafe-et-pays-producteurs-1536x863.webp 1536w, https:\/\/www.saldac.ch\/wp-content\/uploads\/2026\/01\/cafe-et-pays-producteurs-2048x1151.webp 2048w, https:\/\/www.saldac.ch\/wp-content\/uploads\/2026\/01\/cafe-et-pays-producteurs-18x10.webp 18w, https:\/\/www.saldac.ch\/wp-content\/uploads\/2026\/01\/cafe-et-pays-producteurs-450x253.webp 450w, https:\/\/www.saldac.ch\/wp-content\/uploads\/2026\/01\/cafe-et-pays-producteurs-800x449.webp 800w\" sizes=\"(max-width: 800px) 100vw, 800px\" \/><\/p>\n<h3><span class=\"ez-toc-section\" id=\"Conditions_de_croissance_pour_le_cafe_robusta\"><\/span>Conditions de croissance pour le caf\u00e9 robusta<span class=\"ez-toc-section-end\"><\/span><\/h3>\n<p>Le robusta s\u2019adapte \u00e0 <strong>des climats plus chauds et humides que l&rsquo;Arabica (22 \u00e0 26 \u00b0C)<\/strong>. Sa robustesse face aux maladies et \u00e0 la chaleur en fait une esp\u00e8ce pl\u00e9biscit\u00e9e dans les r\u00e9gions plus \u00e9quatoriales. Son cycle de culture plus court permet une rotation rapide et un rendement \u00e9lev\u00e9, ce qui favorise sa pr\u00e9dominance dans certains pays asiatiques.<\/p>\n<h3><span class=\"ez-toc-section\" id=\"Impact_des_altitudes_sur_la_qualite_du_cafe\"><\/span>Impact des altitudes sur la qualit\u00e9 du caf\u00e9<span class=\"ez-toc-section-end\"><\/span><\/h3>\n<p>Plus le caf\u00e9 est cultiv\u00e9 en altitude, plus <strong>les grains se densifient et d\u00e9veloppent une complexit\u00e9 aromatique<\/strong>. Les terroirs en montagne ralentissent la maturation, ce qui donne au caf\u00e9 une acidit\u00e9 plus fine et de subtiles notes florales ou fruit\u00e9es. En revanche, les caf\u00e9s des basses terres pr\u00e9sentent des profils gustatifs plus puissants, moins raffin\u00e9s, mais appr\u00e9ci\u00e9s pour leur intensit\u00e9.<\/p>\n<p><strong>Lectures compl\u00e9mentaires<\/strong>:<\/p>\n<p>https:\/\/centraleducafe.ch\/pays-de-culture <br \/>https:\/\/www.procafe.ch\/fr\/statistiques\/ <br \/>https:\/\/chronic.ch\/blogs\/apprendre\/cafe-colombie <br \/>https:\/\/www.shareweb.ch\/site\/Multilateral-Institutions\/Documents\/Global_Brief_7.pdf <br \/>https:\/\/mareterracoffee.com\/fr\/blog\/conditions-climatiques-optimales-pour-la-culture-du-cafe\/<\/p>\n<p><!-- SOURCES --><br \/>\n\t\t\t<\/div>","protected":false},"excerpt":{"rendered":"","protected":false},"author":543,"featured_media":17501,"comment_status":"closed","ping_status":"closed","sticky":false,"template":"","format":"standard","meta":{"inline_featured_image":false,"footnotes":""},"categories":[598],"tags":[],"_links":{"self":[{"href":"https:\/\/www.saldac.ch\/de\/wp-json\/wp\/v2\/posts\/17503"}],"collection":[{"href":"https:\/\/www.saldac.ch\/de\/wp-json\/wp\/v2\/posts"}],"about":[{"href":"https:\/\/www.saldac.ch\/de\/wp-json\/wp\/v2\/types\/post"}],"author":[{"embeddable":true,"href":"https:\/\/www.saldac.ch\/de\/wp-json\/wp\/v2\/users\/543"}],"replies":[{"embeddable":true,"href":"https:\/\/www.saldac.ch\/de\/wp-json\/wp\/v2\/comments?post=17503"}],"version-history":[{"count":12,"href":"https:\/\/www.saldac.ch\/de\/wp-json\/wp\/v2\/posts\/17503\/revisions"}],"predecessor-version":[{"id":17643,"href":"https:\/\/www.saldac.ch\/de\/wp-json\/wp\/v2\/posts\/17503\/revisions\/17643"}],"wp:featuredmedia":[{"embeddable":true,"href":"https:\/\/www.saldac.ch\/de\/wp-json\/wp\/v2\/media\/17501"}],"wp:attachment":[{"href":"https:\/\/www.saldac.ch\/de\/wp-json\/wp\/v2\/media?parent=17503"}],"wp:term":[{"taxonomy":"category","embeddable":true,"href":"https:\/\/www.saldac.ch\/de\/wp-json\/wp\/v2\/categories?post=17503"},{"taxonomy":"post_tag","embeddable":true,"href":"https:\/\/www.saldac.ch\/de\/wp-json\/wp\/v2\/tags?post=17503"}],"curies":[{"name":"wp","href":"https:\/\/api.w.org\/{rel}","templated":true}]}}